{"id":4254,"date":"2020-07-20T14:17:42","date_gmt":"2020-07-20T14:17:42","guid":{"rendered":"https:\/\/wavecommerce.com.br\/blog\/?p=4254"},"modified":"2023-05-04T11:05:15","modified_gmt":"2023-05-04T14:05:15","slug":"engajamento-social","status":"publish","type":"post","link":"https:\/\/www.wavecommerce.com.br\/blog\/engajamento-social\/","title":{"rendered":"Engajamento social das empresas \u00e9 necess\u00e1rio?"},"content":{"rendered":"<p>\u00c9 fato que as pessoas est\u00e3o cada vez mais preocupadas com o <strong>engajamento social das empresas<\/strong> e <strong>como elas se posicionam<\/strong>. Isso deriva do fato das pr\u00f3prias pessoas sentirem necessidade de <strong>lidar de maneira mais direta com as quest\u00f5es sociais e ambientais do mundo<\/strong>. Segundo uma pesquisa da <a href=\"https:\/\/texbrasil.com.br\/wp-content\/uploads\/2020\/03\/Euromonitor-tendencias-consumo.pdf\" target=\"_blank\" rel=\"noopener\">Euromonitor International (2019)<\/a>, mais da metade dos entrevistados da Am\u00e9rica Latina responderam que, para eles, ser ativo na comunidade \u00e9 algo importante.<\/p>\n<p>Esse tipo de comportamento, claramente, \u00e9 refletido em todos os atores da sociedade: m\u00eddia, governo, empresas. Ou seja, n\u00e3o basta apenas que seus produtos satisfa\u00e7am \u00e0s necessidades do cliente, resolvendo seus problemas e suas dores: \u00e9 preciso que eles tamb\u00e9m <strong>externalizem os valores da marca<\/strong>.<\/p>\n<h2>O que s\u00e3o os valores da marca?<\/h2>\n<p>De uma forma simplificada, podemos dizer que s\u00e3o as c<strong>oisas que a empresa julga importantes. <\/strong>Voc\u00ea nunca escutou algo do tipo \u201caqui na empresa tal n\u00f3s valorizamos pessoas que buscam a evolu\u00e7\u00e3o constante\u201d? Isso pode ser considerado um valor. Assim como criatividade, resultado, prioriza\u00e7\u00e3o do cliente e etc. Essas defini\u00e7\u00f5es fazem parte do <strong>c\u00f3digo de cultura<\/strong> da sua empresa.<\/p>\n<p>Al\u00e9m dos valores, esse c\u00f3digo tamb\u00e9m define miss\u00e3o, vis\u00e3o e expectativas da institui\u00e7\u00e3o em rela\u00e7\u00e3o a seus funcion\u00e1rios. O mais importante de tudo isso \u00e9: ele \u00e9 apenas uma <strong>formaliza\u00e7\u00e3o<\/strong>. A cultura existe em todas as empresas, de forma registrada ou n\u00e3o, porque se trata das<strong> cren\u00e7as e comportamentos que s\u00e3o considerados nos momentos de tomada de decis\u00e3o.<\/strong> Dessa maneira, de nada adianta voc\u00ea inserir coisas lindas nesse c\u00f3digo se elas, efetivamente, n\u00e3o s\u00e3o aplicadas.<\/p>\n<p>De qualquer forma, \u00e9 essa cultura que atrai pessoas que se identificam com valores semelhantes aos seus. Com a tend\u00eancia dos consumidores se preocuparem cada vez mais com essas quest\u00f5es, trazendo \u00e0 pauta temas da sociedade como um todo, tendem a se destacar empresas que possuem valores relacionados n\u00e3o apenas \u00e0 conduta interna, mas tamb\u00e9m \u00e0 <strong>maneira como o neg\u00f3cio se reflete na sociedade<\/strong>.<\/p>\n<p><img loading=\"lazy\" decoding=\"async\" class=\"aligncenter size-full wp-image-4923\" src=\"https:\/\/www.wavecommerce.com.br\/blog\/wp-content\/uploads\/2020\/07\/tomada-de-decisao.webp\" alt=\"Tomada de Decis\u00e3o\" width=\"500\" height=\"281\" srcset=\"https:\/\/www.wavecommerce.com.br\/blog\/wp-content\/uploads\/2020\/07\/tomada-de-decisao.webp 500w, https:\/\/www.wavecommerce.com.br\/blog\/wp-content\/uploads\/2020\/07\/tomada-de-decisao-300x169.webp 300w\" sizes=\"(max-width: 500px) 100vw, 500px\" \/><\/p>\n<h2>Mas minha empresa \u00e9 obrigada a ter valores relacionados \u00e0 sociedade?<\/h2>\n<p>N\u00e3o. Mas reconhecer o papel social da sua empresa faz parte do processo de amadurecimento do seu posicionamento no cen\u00e1rio local e mundial, em <a href=\"https:\/\/www.wavecommerce.com.br\/blog\/persona\/\">rela\u00e7\u00e3o a sua persona<\/a>.<\/p>\n<p>Assumir uma posi\u00e7\u00e3o n\u00e3o \u00e9 necessariamente tratar de assuntos pol\u00eamicos ou pol\u00edticos. Pode ser apenas mostrar ao p\u00fablico o quanto voc\u00ea valoriza coisas que fazem bem para as pessoas. \u00c0s vezes, at\u00e9 valores totalmente internos podem refletir em quest\u00f5es para toda a sociedade.<\/p>\n<p>Mostrar o quanto voc\u00ea prioriza o bem-estar dos seus funcion\u00e1rios, por exemplo, \u00e9 algo que pode ter consequ\u00eancias externas muito fortes.<\/p>\n<h2>Ei, mas n\u00e3o vale mentir!<\/h2>\n<p>Como j\u00e1 falamos, o c\u00f3digo de conduta \u00e9 um registro da cultura que sua empresa j\u00e1 utiliza, ou vai passar a utilizar &#8211; mas ele<strong> precisa ser real<\/strong>. O p\u00fablico est\u00e1 cada vez mais se demonstrando consciente em rela\u00e7\u00e3o \u00e0 publicidade tradicional, e sendo menos influenciado por apari\u00e7\u00f5es que lhe parecem pouco humanas. Portanto, n\u00e3o adianta fazer uma propaganda que o valor da sua empresa \u00e9 a diversidade, se s\u00f3 h\u00e1 pessoas brancas heterossexuais trabalhando nela. <strong>O consumidor j\u00e1 est\u00e1 esperto a respeito das estrat\u00e9gias duvidosas das empresas.<\/strong><\/p>\n<p>Segundo uma pesquisa da ag\u00eancia global de rela\u00e7\u00f5es p\u00fablicas Edelman <a href=\"https:\/\/exame.com\/marketing\/pesquisa-so-36-dos-brasileiros-confiam-nas-marcas-que-consomem\/\" target=\"_blank\" rel=\"noopener\">In Brands WeTrust 2019<\/a>, divulgada pela revista <em><strong>EXAME<\/strong><\/em>, apenas 36% dos brasileiros confiam nas marcas que consomem. Al\u00e9m disso, <strong>91% dos consumidores brasileiros classificam como \u201cessencial\u201d ou \u201cfator decisivo\u201d confiar que a marca \u201cfar\u00e1 o que \u00e9 certo\u201d<\/strong>. Essa porcentagem \u00e9 bem acima da m\u00e9dia mundial, de 81%. Esse crit\u00e9rio perde apenas para qualidade e custo-benef\u00edcio. <strong>De acordo com 63% dos entrevistados, toda marca tem a responsabilidade de se envolver em pelo menos uma quest\u00e3o social,<\/strong> mas apenas 23% afirmam ter experi\u00eancia pessoal de que elas levam em conta os interesses da sociedade.<\/p>\n<h3><b>Caso Amazon<\/b><\/h3>\n<p>Uma estrat\u00e9gia de engajamento social pode rapidamente se voltar contra a empresa se os consumidores identificarem a\u00e7\u00f5es controversas ou incoerentes. Isso ocorreu com a <em><strong>Amazon<\/strong><\/em>, que resolveu fazer uma declara\u00e7\u00e3o em meio a onda de protestos dos EUA ap\u00f3s o <strong>assassinato de George Floyd<\/strong>, afirmando \u201cestar solid\u00e1ria com a comunidade negra \u2013 nossos funcion\u00e1rios, clientes e parceiros \u2013 na luta contra o racismo e a injusti\u00e7a sist\u00eamicos\u201d. O problema disso \u00e9 que a Amazon \u00e9 uma empresa que j\u00e1 foi <strong>alvo de uma s\u00e9rie de den\u00fancias em rela\u00e7\u00e3o a explora\u00e7\u00e3o dos funcion\u00e1rios<\/strong>, com p\u00e9ssimas condi\u00e7\u00f5es. Al\u00e9m disso, apenas <strong>15% da for\u00e7a de trabalho \u00e9 ocupada por negros<\/strong>, e desses, <a href=\"https:\/\/www.bizjournals.com\/seattle\/blog\/techflash\/2015\/06\/85-percent-of-amazon-s-black-u-s-workers-hold.html\" target=\"_blank\" rel=\"noopener\">85% trabalham em dep\u00f3sitos<\/a>.<\/p>\n<p><img loading=\"lazy\" decoding=\"async\" class=\"wp-image-4257 aligncenter\" src=\"https:\/\/www.wavecommerce.com.br\/blog\/wp-content\/uploads\/2020\/07\/posicionamento-amazon-movimento-vidas-negras.wavecommerce-300x150.jpg\" alt=\"\" width=\"596\" height=\"298\" srcset=\"https:\/\/www.wavecommerce.com.br\/blog\/wp-content\/uploads\/2020\/07\/posicionamento-amazon-movimento-vidas-negras.wavecommerce-300x150.jpg 300w, https:\/\/www.wavecommerce.com.br\/blog\/wp-content\/uploads\/2020\/07\/posicionamento-amazon-movimento-vidas-negras.wavecommerce-1024x512.jpg 1024w, https:\/\/www.wavecommerce.com.br\/blog\/wp-content\/uploads\/2020\/07\/posicionamento-amazon-movimento-vidas-negras.wavecommerce-768x384.jpg 768w, https:\/\/www.wavecommerce.com.br\/blog\/wp-content\/uploads\/2020\/07\/posicionamento-amazon-movimento-vidas-negras.wavecommerce.jpg 1100w\" sizes=\"(max-width: 596px) 100vw, 596px\" \/><\/p>\n<p>Portanto, nossa dica \u00e9: se quer se posicionar, fa\u00e7a isso de verdade. Caso contr\u00e1rio, nem se posicione, ok?<\/p>\n<h2>Exemplos de empresas<\/h2>\n<p>Quando pensamos em posicionamentos com cunho social, logo vem \u00e0 mente a propaganda da <a href=\"https:\/\/www.nike.com.br\/\" target=\"_blank\" rel=\"noopener\"><b><em>Nike<\/em> <\/b><\/a><strong>\u201cDream Crazy\u201d<\/strong>, em que s\u00e3o estreladas grandes mulheres do esporte. Ela \u00e9 uma mensagem poderosa a respeito do <strong>empoderamento feminino<\/strong>. Essa campanha faz parte de uma s\u00e9rie lan\u00e7ada pela marca em comemora\u00e7\u00e3o aos 30 anos do slogan \u201cJust Do It\u201d. A inten\u00e7\u00e3o foi valorizar a imagem da mulher no cen\u00e1rio esportivo, ainda t\u00e3o masculino e machista. A pe\u00e7a utiliza as distor\u00e7\u00f5es sofridas pelo p\u00fablico feminino sempre que uma mulher ganha alguma posi\u00e7\u00e3o de destaque ou tenta realizar alguma atividades antes dominada por homens. Confira o v\u00eddeo:<\/p>\n<p><iframe loading=\"lazy\" title=\"Mostre o que as loucas podem fazer (Comercial da NIKE - Dream Crazier - legendado)\" width=\"770\" height=\"433\" src=\"https:\/\/www.youtube.com\/embed\/65iG4Pg31WU?feature=oembed\" frameborder=\"0\" allow=\"accelerometer; autoplay; clipboard-write; encrypted-media; gyroscope; picture-in-picture; web-share\" allowfullscreen><\/iframe><\/p>\n<p>No entanto, al\u00e9m de pe\u00e7as publicit\u00e1rias, \u00e9 poss\u00edvel fazer mais. A empresa <a href=\"https:\/\/www.pedigree.com.br\/\" target=\"_blank\" rel=\"noopener\"><b><em>Pedigree<\/em><\/b><\/a> criou um projeto <a href=\"https:\/\/www.pedigree.com.br\/adotar\" target=\"_blank\" rel=\"noopener\">\u201cAdotar \u00e9 tudo de bom\u201d<\/a>, utilizando-se do pr\u00f3prio slogan \u201cCachorro \u00e9 tudo de bom\u201d para conscientizar o consumidor a respeito da <strong>ado\u00e7\u00e3o de animais de estima\u00e7\u00e3o abandonados<\/strong>. A empresa aumentou as vendas de ra\u00e7\u00f5es caninas e reverteu parte do faturamento para mais de 150 ONGs que cuidam desses animais. Mais de 60 mil c\u00e3es foram adotados e a empresa criou at\u00e9 um <strong>aplicativo para ado\u00e7\u00e3o<\/strong>.<\/p>\n<p><img loading=\"lazy\" decoding=\"async\" class=\"aligncenter size-full wp-image-4904\" src=\"https:\/\/www.wavecommerce.com.br\/blog\/wp-content\/uploads\/2020\/07\/pedigree-adotar-e-tudo-de-bom.webp\" alt=\"Pedigree: Adotar \u00e9 tudo de bom\" width=\"600\" height=\"363\" srcset=\"https:\/\/www.wavecommerce.com.br\/blog\/wp-content\/uploads\/2020\/07\/pedigree-adotar-e-tudo-de-bom.webp 600w, https:\/\/www.wavecommerce.com.br\/blog\/wp-content\/uploads\/2020\/07\/pedigree-adotar-e-tudo-de-bom-300x182.webp 300w\" sizes=\"(max-width: 600px) 100vw, 600px\" \/><\/p>\n<p>Em Porto Alegre, em um exemplo mais simples, podemos utilizar o bar e restaurante <a href=\"https:\/\/justo741.com.br\/\" target=\"_blank\" rel=\"noopener\"><em><b>Justo<\/b><\/em><\/a>, localizado na tradicional escadaria da Borges de Medeiros, no centro. Todo o conceito do estabelecimento \u00e9 focado no posicionamento contr\u00e1rio \u00e0 explora\u00e7\u00e3o, seja dos clientes &#8211; os pre\u00e7os s\u00e3o, como o nome j\u00e1 diz, extremamente justos &#8211; ou dos funcion\u00e1rios &#8211; a quem \u00e9 dada a devida valoriza\u00e7\u00e3o. Para refor\u00e7ar isso, o restaurante criou o evento <strong>\u201cPizza dos funcion\u00e1rios do Justo\u201d<\/strong>, que \u00e9 uma a\u00e7\u00e3o, que ocorre com uma certa frequ\u00eancia, em que toda venda de pizzas do dia \u00e9 revertida para os funcion\u00e1rios. Al\u00e9m disso, o restaurante oferece o local para uma s\u00e9rie de projetos e debates a respeito de impacto na sociedade.<\/p>\n<p><img loading=\"lazy\" decoding=\"async\" class=\"wp-image-4260 aligncenter\" src=\"https:\/\/www.wavecommerce.com.br\/blog\/wp-content\/uploads\/2020\/07\/restaurante-justo.wavecommerce-300x225.jpg\" alt=\"\" width=\"574\" height=\"431\" srcset=\"https:\/\/www.wavecommerce.com.br\/blog\/wp-content\/uploads\/2020\/07\/restaurante-justo.wavecommerce-300x225.jpg 300w, https:\/\/www.wavecommerce.com.br\/blog\/wp-content\/uploads\/2020\/07\/restaurante-justo.wavecommerce-1024x768.jpg 1024w, https:\/\/www.wavecommerce.com.br\/blog\/wp-content\/uploads\/2020\/07\/restaurante-justo.wavecommerce-768x576.jpg 768w, https:\/\/www.wavecommerce.com.br\/blog\/wp-content\/uploads\/2020\/07\/restaurante-justo.wavecommerce-1536x1152.jpg 1536w\" sizes=\"(max-width: 574px) 100vw, 574px\" \/><\/p>\n<h2>Conclus\u00e3o<\/h2>\n<p>O <strong>engajamento em causas sociais<\/strong> \u00e9, definitivamente, um fator muito relevante atualmente para o consumidor brasileiro. No entanto, \u00e9 importante que as empresas tenham <strong>responsabilidade<\/strong> ao fazerem qualquer a\u00e7\u00e3o relacionada a isso. Esse posicionamento deve ser real, e ter implica\u00e7\u00f5es dentro e fora da organiza\u00e7\u00e3o.<\/p>\n<p>Curtiu nosso conte\u00fado? Que tal nos seguir no insta e acompanhar mais dicas e informa\u00e7\u00f5es sobre o mundo do e-commerce? Qualquer d\u00favida, <strong><a href=\"https:\/\/www.wavecommerce.com.br\/proposta\/\">estamos \u00e0 disposi\u00e7\u00e3o<\/a><\/strong>! \ud83d\ude42<\/p>\n<p>Leia mais sobre nossos <a href=\"https:\/\/www.wavecommerce.com.br\/servicos\/\"><b>servi\u00e7os<\/b><\/a>.<\/p>\n","protected":false},"excerpt":{"rendered":"<p>\u00c9 fato que as pessoas est\u00e3o cada vez mais preocupadas com o engajamento social das empresas e como elas se posicionam. Isso deriva do fato das pr\u00f3prias pessoas sentirem necessidade de lidar de maneira mais direta com as quest\u00f5es sociais e ambientais do mundo. Segundo uma pesquisa da Euromonitor International (2019), mais da metade dos<\/p>\n","protected":false},"author":2,"featured_media":4888,"comment_status":"open","ping_status":"open","sticky":false,"template":"","format":"standard","meta":{"footnotes":""},"categories":[1334],"tags":[],"_links":{"self":[{"href":"https:\/\/www.wavecommerce.com.br\/blog\/wp-json\/wp\/v2\/posts\/4254"}],"collection":[{"href":"https:\/\/www.wavecommerce.com.br\/blog\/wp-json\/wp\/v2\/posts"}],"about":[{"href":"https:\/\/www.wavecommerce.com.br\/blog\/wp-json\/wp\/v2\/types\/post"}],"author":[{"embeddable":true,"href":"https:\/\/www.wavecommerce.com.br\/blog\/wp-json\/wp\/v2\/users\/2"}],"replies":[{"embeddable":true,"href":"https:\/\/www.wavecommerce.com.br\/blog\/wp-json\/wp\/v2\/comments?post=4254"}],"version-history":[{"count":14,"href":"https:\/\/www.wavecommerce.com.br\/blog\/wp-json\/wp\/v2\/posts\/4254\/revisions"}],"predecessor-version":[{"id":5189,"href":"https:\/\/www.wavecommerce.com.br\/blog\/wp-json\/wp\/v2\/posts\/4254\/revisions\/5189"}],"wp:featuredmedia":[{"embeddable":true,"href":"https:\/\/www.wavecommerce.com.br\/blog\/wp-json\/wp\/v2\/media\/4888"}],"wp:attachment":[{"href":"https:\/\/www.wavecommerce.com.br\/blog\/wp-json\/wp\/v2\/media?parent=4254"}],"wp:term":[{"taxonomy":"category","embeddable":true,"href":"https:\/\/www.wavecommerce.com.br\/blog\/wp-json\/wp\/v2\/categories?post=4254"},{"taxonomy":"post_tag","embeddable":true,"href":"https:\/\/www.wavecommerce.com.br\/blog\/wp-json\/wp\/v2\/tags?post=4254"}],"curies":[{"name":"wp","href":"https:\/\/api.w.org\/{rel}","templated":true}]}}